{"id":1076,"date":"2019-01-24T13:09:13","date_gmt":"2019-01-24T12:09:13","guid":{"rendered":"http:\/\/cpvirgendelaoliva.educacion.navarra.es\/web\/?p=1076"},"modified":"2019-01-25T10:23:40","modified_gmt":"2019-01-25T09:23:40","slug":"preinscripciones-curso-2019-2020","status":"publish","type":"post","link":"https:\/\/cpvirgendelaoliva.educacion.navarra.es\/web\/blog\/2019\/01\/24\/preinscripciones-curso-2019-2020\/","title":{"rendered":"PREINSCRIPCIONES CURSO 2019-2020"},"content":{"rendered":"<h1><img loading=\"lazy\" class=\"aligncenter size-full wp-image-1081\" src=\"https:\/\/cpvirgendelaoliva.educacion.navarra.es\/web\/wp-content\/uploads\/2019\/01\/CARTEL-1.jpg\" alt=\"\" width=\"750\" height=\"475\" srcset=\"https:\/\/cpvirgendelaoliva.educacion.navarra.es\/web\/wp-content\/uploads\/2019\/01\/CARTEL-1.jpg 750w, https:\/\/cpvirgendelaoliva.educacion.navarra.es\/web\/wp-content\/uploads\/2019\/01\/CARTEL-1-300x190.jpg 300w\" sizes=\"(max-width: 750px) 100vw, 750px\" \/><br \/>\nDEL 4 AL 8 DE FEBRERO DE 2019.<\/h1>\n<h3>Informaci\u00f3n y solicitud en la <em><strong><span style=\"color: #008000;\">Secretar\u00eda del colegio<\/span><\/strong><\/em>\u00a0, en el tel\u00e9fono<em><strong><span style=\"color: #008000;\"> 948725807 <span style=\"color: #000000;\">o<\/span> <span style=\"color: #000000;\">por correo electr\u00f3nico<\/span> cpcarcas@educacion.navarra.es<\/span><\/strong><\/em><\/h3>\n<h3>Tambi\u00e9n podr\u00e1n<em><strong><span style=\"color: #008000;\"> descargar los impresos<\/span><\/strong><\/em> en la<em><strong><span style=\"color: #008000;\"> p\u00e1gina web<\/span><\/strong><\/em> (bloque<strong><span style=\"color: #000000;\"> Curso Escolar\/Secretar\u00eda<\/span><\/strong>) d\u00f3nde se encuentra <em><strong><span style=\"color: #008000;\">toda la<\/span> <\/strong><strong><span style=\"color: #008000;\">informaci\u00f3n <span style=\"color: #000000;\">o pinchando en este<\/span> <a href=\"https:\/\/cpvirgendelaoliva.educacion.navarra.es\/web\/documentos-de-interes\/\">ENLACE<\/a><\/span><\/strong><\/em><\/h3>\n","protected":false},"excerpt":{"rendered":"<p>DEL 4 AL 8 DE FEBRERO DE 2019. Informaci\u00f3n y solicitud en la Secretar\u00eda del colegio\u00a0, en el tel\u00e9fono 948725807 o por correo electr\u00f3nico cpcarcas@educacion.navarra.es Tambi\u00e9n podr\u00e1n descargar los impresos en la p\u00e1gina web (bloque Curso Escolar\/Secretar\u00eda) d\u00f3nde se encuentra toda la informaci\u00f3n o pinchando en este ENLACE<\/p>\n","protected":false},"author":1,"featured_media":1081,"comment_status":"closed","ping_status":"closed","sticky":false,"template":"","format":"standard","meta":{"_genesis_hide_title":false,"_genesis_hide_breadcrumbs":false,"_genesis_hide_singular_image":false,"_genesis_hide_footer_widgets":false,"_genesis_custom_body_class":"","_genesis_custom_post_class":"","_genesis_layout":""},"categories":[1],"tags":[],"_links":{"self":[{"href":"https:\/\/cpvirgendelaoliva.educacion.navarra.es\/web\/wp-json\/wp\/v2\/posts\/1076"}],"collection":[{"href":"https:\/\/cpvirgendelaoliva.educacion.navarra.es\/web\/wp-json\/wp\/v2\/posts"}],"about":[{"href":"https:\/\/cpvirgendelaoliva.educacion.navarra.es\/web\/wp-json\/wp\/v2\/types\/post"}],"author":[{"embeddable":true,"href":"https:\/\/cpvirgendelaoliva.educacion.navarra.es\/web\/wp-json\/wp\/v2\/users\/1"}],"replies":[{"embeddable":true,"href":"https:\/\/cpvirgendelaoliva.educacion.navarra.es\/web\/wp-json\/wp\/v2\/comments?post=1076"}],"version-history":[{"count":8,"href":"https:\/\/cpvirgendelaoliva.educacion.navarra.es\/web\/wp-json\/wp\/v2\/posts\/1076\/revisions"}],"predecessor-version":[{"id":1608,"href":"https:\/\/cpvirgendelaoliva.educacion.navarra.es\/web\/wp-json\/wp\/v2\/posts\/1076\/revisions\/1608"}],"wp:featuredmedia":[{"embeddable":true,"href":"https:\/\/cpvirgendelaoliva.educacion.navarra.es\/web\/wp-json\/wp\/v2\/media\/1081"}],"wp:attachment":[{"href":"https:\/\/cpvirgendelaoliva.educacion.navarra.es\/web\/wp-json\/wp\/v2\/media?parent=1076"}],"wp:term":[{"taxonomy":"category","embeddable":true,"href":"https:\/\/cpvirgendelaoliva.educacion.navarra.es\/web\/wp-json\/wp\/v2\/categories?post=1076"},{"taxonomy":"post_tag","embeddable":true,"href":"https:\/\/cpvirgendelaoliva.educacion.navarra.es\/web\/wp-json\/wp\/v2\/tags?post=1076"}],"curies":[{"name":"wp","href":"https:\/\/api.w.org\/{rel}","templated":true}]}}