{"id":1172,"date":"2019-04-06T16:01:46","date_gmt":"2019-04-06T14:01:46","guid":{"rendered":"http:\/\/cpvirgendelaoliva.educacion.navarra.es\/web\/?p=1172"},"modified":"2019-04-06T16:01:47","modified_gmt":"2019-04-06T14:01:47","slug":"manifiesto-del-pueblo-gitano","status":"publish","type":"post","link":"https:\/\/cpvirgendelaoliva.educacion.navarra.es\/web\/blog\/2019\/04\/06\/manifiesto-del-pueblo-gitano\/","title":{"rendered":"MANIFIESTO DEL PUEBLO GITANO"},"content":{"rendered":"\n<p><strong>El d\u00eda internacional del Pueblo Gitano se conmemora el 8 de abril. Esta fecha recuerda el Primer Congreso Mundial roman\u00ed\/gitano celebrado en Londres el 8 de abril de 1971 en el que se instituy\u00f3 la bandera y el himno gitano.<\/strong><\/p>\n\n\n\n<p><strong>El himno gitano, Gelem, gelem que significa Anduve, anduve, fue compuesto por Jarko Jovanovic y recuerda a los gitanos y gitanas v\u00edctimas del nazismo.<\/strong><\/p>\n\n\n\n<p><strong>La bandera es verde y azul, simbolizando el cielo y el campo, con una rueda de carro roja en el centro, que simboliza el camino desde la India hacia la libertad.<\/strong><\/p>\n\n\n\n<p><strong>Desde hace unos a\u00f1os esta fecha est\u00e1 adquiriendo gran notoriedad, sirviendo de ocasi\u00f3n para distintas celebraciones y comunicaciones por parte de m\u00faltiples instituciones nacionales e internacionales.<\/strong><\/p>\n\n\n\n<figure class=\"wp-block-image\"><img loading=\"lazy\" width=\"1024\" height=\"683\" src=\"https:\/\/cpvirgendelaoliva.educacion.navarra.es\/web\/wp-content\/uploads\/2019\/04\/DSC0016-1024x683.jpg\" alt=\"\" class=\"wp-image-1173\" srcset=\"https:\/\/cpvirgendelaoliva.educacion.navarra.es\/web\/wp-content\/uploads\/2019\/04\/DSC0016-1024x683.jpg 1024w, https:\/\/cpvirgendelaoliva.educacion.navarra.es\/web\/wp-content\/uploads\/2019\/04\/DSC0016-300x200.jpg 300w, https:\/\/cpvirgendelaoliva.educacion.navarra.es\/web\/wp-content\/uploads\/2019\/04\/DSC0016-768x512.jpg 768w, https:\/\/cpvirgendelaoliva.educacion.navarra.es\/web\/wp-content\/uploads\/2019\/04\/DSC0016.jpg 1200w\" sizes=\"(max-width: 1024px) 100vw, 1024px\" \/><\/figure>\n","protected":false},"excerpt":{"rendered":"<p>El d\u00eda internacional del Pueblo Gitano se conmemora el 8 de abril. Esta fecha recuerda el Primer Congreso Mundial roman\u00ed\/gitano celebrado en Londres el 8 de abril de 1971 en el que se instituy\u00f3 la bandera y el himno gitano. El himno gitano, Gelem, gelem que significa Anduve, anduve, fue compuesto por Jarko Jovanovic y [&hellip;]<\/p>\n","protected":false},"author":1,"featured_media":1173,"comment_status":"closed","ping_status":"closed","sticky":false,"template":"","format":"standard","meta":{"_genesis_hide_title":false,"_genesis_hide_breadcrumbs":false,"_genesis_hide_singular_image":false,"_genesis_hide_footer_widgets":false,"_genesis_custom_body_class":"","_genesis_custom_post_class":"","_genesis_layout":""},"categories":[1],"tags":[],"_links":{"self":[{"href":"https:\/\/cpvirgendelaoliva.educacion.navarra.es\/web\/wp-json\/wp\/v2\/posts\/1172"}],"collection":[{"href":"https:\/\/cpvirgendelaoliva.educacion.navarra.es\/web\/wp-json\/wp\/v2\/posts"}],"about":[{"href":"https:\/\/cpvirgendelaoliva.educacion.navarra.es\/web\/wp-json\/wp\/v2\/types\/post"}],"author":[{"embeddable":true,"href":"https:\/\/cpvirgendelaoliva.educacion.navarra.es\/web\/wp-json\/wp\/v2\/users\/1"}],"replies":[{"embeddable":true,"href":"https:\/\/cpvirgendelaoliva.educacion.navarra.es\/web\/wp-json\/wp\/v2\/comments?post=1172"}],"version-history":[{"count":1,"href":"https:\/\/cpvirgendelaoliva.educacion.navarra.es\/web\/wp-json\/wp\/v2\/posts\/1172\/revisions"}],"predecessor-version":[{"id":1174,"href":"https:\/\/cpvirgendelaoliva.educacion.navarra.es\/web\/wp-json\/wp\/v2\/posts\/1172\/revisions\/1174"}],"wp:featuredmedia":[{"embeddable":true,"href":"https:\/\/cpvirgendelaoliva.educacion.navarra.es\/web\/wp-json\/wp\/v2\/media\/1173"}],"wp:attachment":[{"href":"https:\/\/cpvirgendelaoliva.educacion.navarra.es\/web\/wp-json\/wp\/v2\/media?parent=1172"}],"wp:term":[{"taxonomy":"category","embeddable":true,"href":"https:\/\/cpvirgendelaoliva.educacion.navarra.es\/web\/wp-json\/wp\/v2\/categories?post=1172"},{"taxonomy":"post_tag","embeddable":true,"href":"https:\/\/cpvirgendelaoliva.educacion.navarra.es\/web\/wp-json\/wp\/v2\/tags?post=1172"}],"curies":[{"name":"wp","href":"https:\/\/api.w.org\/{rel}","templated":true}]}}