{"id":1375,"date":"2019-06-07T15:58:44","date_gmt":"2019-06-07T13:58:44","guid":{"rendered":"http:\/\/cpvirgendelaoliva.educacion.navarra.es\/web\/?p=1375"},"modified":"2019-06-07T15:58:45","modified_gmt":"2019-06-07T13:58:45","slug":"iv-jornada-skolae","status":"publish","type":"post","link":"https:\/\/cpvirgendelaoliva.educacion.navarra.es\/web\/blog\/2019\/06\/07\/iv-jornada-skolae\/","title":{"rendered":"IV JORNADA SKOLAE"},"content":{"rendered":"\n<p>Trasladamos nuestra invitaci\u00f3ny adjuntamos el Programa de la IV Jornada SKOLAE de fin de curso que tendr\u00e1 lugar en el Baluarte el pr\u00f3ximo mi\u00e9rcoles d\u00eda 12 de junio por la tarde, de 15:30 a 20:30 horas.<\/p>\n\n\n\n<p>Le agradecemos su difusi\u00f3n.<\/p>\n\n\n\n<p>Puede realizar la inscripci\u00f3n a trav\u00e9s de <a href=\"dge.hzn@navarra.es\">este enlace <\/a>.<\/p>\n\n\n\n<p>Un saludo muy cordial. <\/p>\n\n\n\n<p>Roberto P\u00e9rez Elorza<\/p>\n\n\n\n<p><\/p>\n\n\n\n<figure class=\"wp-block-image\"><img loading=\"lazy\" width=\"1000\" height=\"2358\" src=\"https:\/\/cpvirgendelaoliva.educacion.navarra.es\/web\/wp-content\/uploads\/2019\/06\/foto2-1.jpg\" alt=\"\" class=\"wp-image-1378\" srcset=\"https:\/\/cpvirgendelaoliva.educacion.navarra.es\/web\/wp-content\/uploads\/2019\/06\/foto2-1.jpg 1000w, https:\/\/cpvirgendelaoliva.educacion.navarra.es\/web\/wp-content\/uploads\/2019\/06\/foto2-1-127x300.jpg 127w, https:\/\/cpvirgendelaoliva.educacion.navarra.es\/web\/wp-content\/uploads\/2019\/06\/foto2-1-768x1811.jpg 768w, https:\/\/cpvirgendelaoliva.educacion.navarra.es\/web\/wp-content\/uploads\/2019\/06\/foto2-1-434x1024.jpg 434w\" sizes=\"(max-width: 1000px) 100vw, 1000px\" \/><figcaption><br><br><\/figcaption><\/figure>\n\n\n\n<p><\/p>\n\n\n\n<figure class=\"wp-block-image\"><img loading=\"lazy\" width=\"999\" height=\"1179\" src=\"https:\/\/cpvirgendelaoliva.educacion.navarra.es\/web\/wp-content\/uploads\/2019\/06\/foto1-1.jpg\" alt=\"\" class=\"wp-image-1379\" srcset=\"https:\/\/cpvirgendelaoliva.educacion.navarra.es\/web\/wp-content\/uploads\/2019\/06\/foto1-1.jpg 999w, https:\/\/cpvirgendelaoliva.educacion.navarra.es\/web\/wp-content\/uploads\/2019\/06\/foto1-1-254x300.jpg 254w, https:\/\/cpvirgendelaoliva.educacion.navarra.es\/web\/wp-content\/uploads\/2019\/06\/foto1-1-768x906.jpg 768w, https:\/\/cpvirgendelaoliva.educacion.navarra.es\/web\/wp-content\/uploads\/2019\/06\/foto1-1-868x1024.jpg 868w\" sizes=\"(max-width: 999px) 100vw, 999px\" \/><\/figure>\n","protected":false},"excerpt":{"rendered":"<p>Trasladamos nuestra invitaci\u00f3ny adjuntamos el Programa de la IV Jornada SKOLAE de fin de curso que tendr\u00e1 lugar en el Baluarte el pr\u00f3ximo mi\u00e9rcoles d\u00eda 12 de junio por la tarde, de 15:30 a 20:30 horas. Le agradecemos su difusi\u00f3n. Puede realizar la inscripci\u00f3n a trav\u00e9s de este enlace . Un saludo muy cordial. Roberto [&hellip;]<\/p>\n","protected":false},"author":1,"featured_media":1377,"comment_status":"closed","ping_status":"closed","sticky":false,"template":"","format":"standard","meta":{"_genesis_hide_title":false,"_genesis_hide_breadcrumbs":false,"_genesis_hide_singular_image":false,"_genesis_hide_footer_widgets":false,"_genesis_custom_body_class":"","_genesis_custom_post_class":"","_genesis_layout":""},"categories":[1],"tags":[],"_links":{"self":[{"href":"https:\/\/cpvirgendelaoliva.educacion.navarra.es\/web\/wp-json\/wp\/v2\/posts\/1375"}],"collection":[{"href":"https:\/\/cpvirgendelaoliva.educacion.navarra.es\/web\/wp-json\/wp\/v2\/posts"}],"about":[{"href":"https:\/\/cpvirgendelaoliva.educacion.navarra.es\/web\/wp-json\/wp\/v2\/types\/post"}],"author":[{"embeddable":true,"href":"https:\/\/cpvirgendelaoliva.educacion.navarra.es\/web\/wp-json\/wp\/v2\/users\/1"}],"replies":[{"embeddable":true,"href":"https:\/\/cpvirgendelaoliva.educacion.navarra.es\/web\/wp-json\/wp\/v2\/comments?post=1375"}],"version-history":[{"count":2,"href":"https:\/\/cpvirgendelaoliva.educacion.navarra.es\/web\/wp-json\/wp\/v2\/posts\/1375\/revisions"}],"predecessor-version":[{"id":1381,"href":"https:\/\/cpvirgendelaoliva.educacion.navarra.es\/web\/wp-json\/wp\/v2\/posts\/1375\/revisions\/1381"}],"wp:featuredmedia":[{"embeddable":true,"href":"https:\/\/cpvirgendelaoliva.educacion.navarra.es\/web\/wp-json\/wp\/v2\/media\/1377"}],"wp:attachment":[{"href":"https:\/\/cpvirgendelaoliva.educacion.navarra.es\/web\/wp-json\/wp\/v2\/media?parent=1375"}],"wp:term":[{"taxonomy":"category","embeddable":true,"href":"https:\/\/cpvirgendelaoliva.educacion.navarra.es\/web\/wp-json\/wp\/v2\/categories?post=1375"},{"taxonomy":"post_tag","embeddable":true,"href":"https:\/\/cpvirgendelaoliva.educacion.navarra.es\/web\/wp-json\/wp\/v2\/tags?post=1375"}],"curies":[{"name":"wp","href":"https:\/\/api.w.org\/{rel}","templated":true}]}}