{"id":2924,"date":"2025-12-09T13:49:50","date_gmt":"2025-12-09T12:49:50","guid":{"rendered":"https:\/\/cpvirgendelaoliva.educacion.navarra.es\/web\/?p=2924"},"modified":"2025-12-09T13:49:50","modified_gmt":"2025-12-09T12:49:50","slug":"concurso-de-tarjetas-navidenas-y-de-carteles-olentzero-y-reyes-magos-2025","status":"publish","type":"post","link":"https:\/\/cpvirgendelaoliva.educacion.navarra.es\/web\/blog\/2025\/12\/09\/concurso-de-tarjetas-navidenas-y-de-carteles-olentzero-y-reyes-magos-2025\/","title":{"rendered":"CONCURSO DE TARJETAS NAVIDE\u00d1AS Y DE CARTELES OLENTZERO Y REYES MAGOS 2025"},"content":{"rendered":"\n<p>Un a\u00f1o m\u00e1s, la Apyma de nuestro Centro ha convocado el concurso de postales navide\u00f1as y de los carteles anunciadores del Olentzero y Reyes Magos 2025.<\/p>\n\n\n\n<p>El d\u00eda 9 de diciembre se realiz\u00f3 la elecci\u00f3n de los mejores trabajos. El jurado estuvo constituido por tres profesoras, dos miembros de Apyma y la representante del Ayuntamiento en el Consejo Escolar. Dicha asociaci\u00f3n es la que realiza la compra de los regalos con los que se obsequia al alumnado ganador.<\/p>\n\n\n\n<p>En los grupos de infantil, se elige una tarjeta por aula y el regalo es para toda la clase.<\/p>\n\n\n\n<p>Los ganadores y ganadoras de dichos premios en Primaria fueron los siguientes:<\/p>\n\n\n\n<p>3 a\u00f1os&#8230;Vega Rubal<\/p>\n\n\n\n<p>4 a\u00f1os&#8230;Alaia Bescos y Anamta Khan<\/p>\n\n\n\n<p>5 a\u00f1os&#8230;Laia Huarte e Indira Jim\u00e9nez<\/p>\n\n\n\n<p>1\u00ba Primaria \u2026 Mar Escobar<br>2\u00ba Primaria \u2026 Sabrin Larhlid y Marta Jim\u00e9nez<br>3\u00ba Primaria \u2026 Candela Garc\u00eda y Amaia Visus<\/p>\n\n\n\n<p>4\u00ba Primaria&#8230; Marina Esparza y Sara \u00c1lvarez<br>5\u00ba Primaria \u2026 Marwa Lahmar<br>6\u00ba Primaria \u2026 Anne Garc\u00eda<\/p>\n\n\n\n<p> <\/p>\n\n\n\n<p><\/p>\n\n\n\n<p><\/p>\n\n\n\n<p><\/p>\n\n\n\n<div class=\"wp-block-columns\">\n<div class=\"wp-block-column\" style=\"flex-basis:100%\">\n<div class=\"wp-block-columns\">\n<div class=\"wp-block-column\" style=\"flex-basis:100%\">\n<p><\/p>\n\n\n\n<p><\/p>\n\n\n\n<p><\/p>\n<\/div>\n<\/div>\n<\/div>\n<\/div>\n\n\n\n<figure class=\"wp-block-gallery has-nested-images columns-default is-cropped\">\n<figure class=\"wp-block-image size-large\"><img loading=\"lazy\" width=\"813\" height=\"562\" data-id=\"2947\"  src=\"https:\/\/cpvirgendelaoliva.educacion.navarra.es\/web\/wp-content\/uploads\/2025\/12\/PHOTO-2025-12-09-12-03-14-1.jpg\" alt=\"\" class=\"wp-image-2947\" srcset=\"https:\/\/cpvirgendelaoliva.educacion.navarra.es\/web\/wp-content\/uploads\/2025\/12\/PHOTO-2025-12-09-12-03-14-1.jpg 813w, https:\/\/cpvirgendelaoliva.educacion.navarra.es\/web\/wp-content\/uploads\/2025\/12\/PHOTO-2025-12-09-12-03-14-1-300x207.jpg 300w, https:\/\/cpvirgendelaoliva.educacion.navarra.es\/web\/wp-content\/uploads\/2025\/12\/PHOTO-2025-12-09-12-03-14-1-768x531.jpg 768w\" sizes=\"(max-width: 813px) 100vw, 813px\" \/><figcaption>VEGA RUBAL<\/figcaption><\/figure>\n\n\n\n<figure class=\"wp-block-image size-large\"><img loading=\"lazy\" width=\"809\" height=\"1024\" data-id=\"2945\"  src=\"https:\/\/cpvirgendelaoliva.educacion.navarra.es\/web\/wp-content\/uploads\/2025\/12\/PHOTO-2025-12-09-12-03-36-1-809x1024.jpg\" alt=\"\" class=\"wp-image-2945\" srcset=\"https:\/\/cpvirgendelaoliva.educacion.navarra.es\/web\/wp-content\/uploads\/2025\/12\/PHOTO-2025-12-09-12-03-36-1-809x1024.jpg 809w, https:\/\/cpvirgendelaoliva.educacion.navarra.es\/web\/wp-content\/uploads\/2025\/12\/PHOTO-2025-12-09-12-03-36-1-237x300.jpg 237w, https:\/\/cpvirgendelaoliva.educacion.navarra.es\/web\/wp-content\/uploads\/2025\/12\/PHOTO-2025-12-09-12-03-36-1-768x972.jpg 768w, https:\/\/cpvirgendelaoliva.educacion.navarra.es\/web\/wp-content\/uploads\/2025\/12\/PHOTO-2025-12-09-12-03-36-1.jpg 1060w\" sizes=\"(max-width: 809px) 100vw, 809px\" \/><figcaption>ALAIA BESCOS<\/figcaption><\/figure>\n\n\n\n<figure class=\"wp-block-image size-large\"><img loading=\"lazy\" width=\"721\" height=\"1024\" data-id=\"2950\"  src=\"https:\/\/cpvirgendelaoliva.educacion.navarra.es\/web\/wp-content\/uploads\/2025\/12\/PHOTO-2025-12-09-12-04-19-1-721x1024.jpg\" alt=\"\" class=\"wp-image-2950\" srcset=\"https:\/\/cpvirgendelaoliva.educacion.navarra.es\/web\/wp-content\/uploads\/2025\/12\/PHOTO-2025-12-09-12-04-19-1-721x1024.jpg 721w, https:\/\/cpvirgendelaoliva.educacion.navarra.es\/web\/wp-content\/uploads\/2025\/12\/PHOTO-2025-12-09-12-04-19-1-211x300.jpg 211w, https:\/\/cpvirgendelaoliva.educacion.navarra.es\/web\/wp-content\/uploads\/2025\/12\/PHOTO-2025-12-09-12-04-19-1-768x1091.jpg 768w, https:\/\/cpvirgendelaoliva.educacion.navarra.es\/web\/wp-content\/uploads\/2025\/12\/PHOTO-2025-12-09-12-04-19-1.jpg 806w\" sizes=\"(max-width: 721px) 100vw, 721px\" \/><figcaption>ANAMTA KHAN<\/figcaption><\/figure>\n\n\n\n<figure class=\"wp-block-image size-large\"><img loading=\"lazy\" width=\"721\" height=\"1024\" data-id=\"2942\"  src=\"https:\/\/cpvirgendelaoliva.educacion.navarra.es\/web\/wp-content\/uploads\/2025\/12\/PHOTO-2025-12-09-12-04-55-1-721x1024.jpg\" alt=\"\" class=\"wp-image-2942\" srcset=\"https:\/\/cpvirgendelaoliva.educacion.navarra.es\/web\/wp-content\/uploads\/2025\/12\/PHOTO-2025-12-09-12-04-55-1-721x1024.jpg 721w, https:\/\/cpvirgendelaoliva.educacion.navarra.es\/web\/wp-content\/uploads\/2025\/12\/PHOTO-2025-12-09-12-04-55-1-211x300.jpg 211w, https:\/\/cpvirgendelaoliva.educacion.navarra.es\/web\/wp-content\/uploads\/2025\/12\/PHOTO-2025-12-09-12-04-55-1-768x1091.jpg 768w, https:\/\/cpvirgendelaoliva.educacion.navarra.es\/web\/wp-content\/uploads\/2025\/12\/PHOTO-2025-12-09-12-04-55-1.jpg 922w\" sizes=\"(max-width: 721px) 100vw, 721px\" \/><figcaption>LAIA HUARTE<\/figcaption><\/figure>\n\n\n\n<figure class=\"wp-block-image size-large\"><img loading=\"lazy\" width=\"768\" height=\"1024\" data-id=\"2946\"  src=\"https:\/\/cpvirgendelaoliva.educacion.navarra.es\/web\/wp-content\/uploads\/2025\/12\/PHOTO-2025-12-09-12-05-13-1-768x1024.jpg\" alt=\"\" class=\"wp-image-2946\" srcset=\"https:\/\/cpvirgendelaoliva.educacion.navarra.es\/web\/wp-content\/uploads\/2025\/12\/PHOTO-2025-12-09-12-05-13-1-768x1024.jpg 768w, https:\/\/cpvirgendelaoliva.educacion.navarra.es\/web\/wp-content\/uploads\/2025\/12\/PHOTO-2025-12-09-12-05-13-1-225x300.jpg 225w, https:\/\/cpvirgendelaoliva.educacion.navarra.es\/web\/wp-content\/uploads\/2025\/12\/PHOTO-2025-12-09-12-05-13-1.jpg 843w\" sizes=\"(max-width: 768px) 100vw, 768px\" \/><figcaption>INDIRA JIM\u00c9NEZ<\/figcaption><\/figure>\n\n\n\n<figure class=\"wp-block-image size-large\"><img loading=\"lazy\" width=\"1004\" height=\"705\" data-id=\"2951\"  src=\"https:\/\/cpvirgendelaoliva.educacion.navarra.es\/web\/wp-content\/uploads\/2025\/12\/PHOTO-2025-12-09-12-05-25-1.jpg\" alt=\"\" class=\"wp-image-2951\" srcset=\"https:\/\/cpvirgendelaoliva.educacion.navarra.es\/web\/wp-content\/uploads\/2025\/12\/PHOTO-2025-12-09-12-05-25-1.jpg 1004w, https:\/\/cpvirgendelaoliva.educacion.navarra.es\/web\/wp-content\/uploads\/2025\/12\/PHOTO-2025-12-09-12-05-25-1-300x211.jpg 300w, https:\/\/cpvirgendelaoliva.educacion.navarra.es\/web\/wp-content\/uploads\/2025\/12\/PHOTO-2025-12-09-12-05-25-1-768x539.jpg 768w\" sizes=\"(max-width: 1004px) 100vw, 1004px\" \/><figcaption>MAR ESCOBAR<\/figcaption><\/figure>\n\n\n\n<figure class=\"wp-block-image size-large\"><img loading=\"lazy\" width=\"1016\" height=\"722\" data-id=\"2948\"  src=\"https:\/\/cpvirgendelaoliva.educacion.navarra.es\/web\/wp-content\/uploads\/2025\/12\/PHOTO-2025-12-09-12-05-45-1.jpg\" alt=\"\" class=\"wp-image-2948\" srcset=\"https:\/\/cpvirgendelaoliva.educacion.navarra.es\/web\/wp-content\/uploads\/2025\/12\/PHOTO-2025-12-09-12-05-45-1.jpg 1016w, https:\/\/cpvirgendelaoliva.educacion.navarra.es\/web\/wp-content\/uploads\/2025\/12\/PHOTO-2025-12-09-12-05-45-1-300x213.jpg 300w, https:\/\/cpvirgendelaoliva.educacion.navarra.es\/web\/wp-content\/uploads\/2025\/12\/PHOTO-2025-12-09-12-05-45-1-768x546.jpg 768w\" sizes=\"(max-width: 1016px) 100vw, 1016px\" \/><figcaption>SABRIN LARHLID<\/figcaption><\/figure>\n\n\n\n<figure class=\"wp-block-image size-large\"><img loading=\"lazy\" width=\"917\" height=\"633\" data-id=\"2952\"  src=\"https:\/\/cpvirgendelaoliva.educacion.navarra.es\/web\/wp-content\/uploads\/2025\/12\/PHOTO-2025-12-09-12-05-59-1.jpg\" alt=\"\" class=\"wp-image-2952\" srcset=\"https:\/\/cpvirgendelaoliva.educacion.navarra.es\/web\/wp-content\/uploads\/2025\/12\/PHOTO-2025-12-09-12-05-59-1.jpg 917w, https:\/\/cpvirgendelaoliva.educacion.navarra.es\/web\/wp-content\/uploads\/2025\/12\/PHOTO-2025-12-09-12-05-59-1-300x207.jpg 300w, https:\/\/cpvirgendelaoliva.educacion.navarra.es\/web\/wp-content\/uploads\/2025\/12\/PHOTO-2025-12-09-12-05-59-1-768x530.jpg 768w\" sizes=\"(max-width: 917px) 100vw, 917px\" \/><figcaption>MARTA JIM\u00c9NEZ<\/figcaption><\/figure>\n\n\n\n<figure class=\"wp-block-image size-large\"><img loading=\"lazy\" width=\"846\" height=\"591\" data-id=\"2939\"  src=\"https:\/\/cpvirgendelaoliva.educacion.navarra.es\/web\/wp-content\/uploads\/2025\/12\/PHOTO-2025-12-09-12-06-28-1.jpg\" alt=\"\" class=\"wp-image-2939\" srcset=\"https:\/\/cpvirgendelaoliva.educacion.navarra.es\/web\/wp-content\/uploads\/2025\/12\/PHOTO-2025-12-09-12-06-28-1.jpg 846w, https:\/\/cpvirgendelaoliva.educacion.navarra.es\/web\/wp-content\/uploads\/2025\/12\/PHOTO-2025-12-09-12-06-28-1-300x210.jpg 300w, https:\/\/cpvirgendelaoliva.educacion.navarra.es\/web\/wp-content\/uploads\/2025\/12\/PHOTO-2025-12-09-12-06-28-1-768x537.jpg 768w\" sizes=\"(max-width: 846px) 100vw, 846px\" \/><figcaption>CANDELA GARC\u00cdA<\/figcaption><\/figure>\n\n\n\n<figure class=\"wp-block-image size-large\"><img loading=\"lazy\" width=\"1024\" height=\"680\" data-id=\"2944\"  src=\"https:\/\/cpvirgendelaoliva.educacion.navarra.es\/web\/wp-content\/uploads\/2025\/12\/PHOTO-2025-12-09-12-07-23-1-1024x680.jpg\" alt=\"\" class=\"wp-image-2944\" srcset=\"https:\/\/cpvirgendelaoliva.educacion.navarra.es\/web\/wp-content\/uploads\/2025\/12\/PHOTO-2025-12-09-12-07-23-1-1024x680.jpg 1024w, https:\/\/cpvirgendelaoliva.educacion.navarra.es\/web\/wp-content\/uploads\/2025\/12\/PHOTO-2025-12-09-12-07-23-1-300x199.jpg 300w, https:\/\/cpvirgendelaoliva.educacion.navarra.es\/web\/wp-content\/uploads\/2025\/12\/PHOTO-2025-12-09-12-07-23-1-768x510.jpg 768w, https:\/\/cpvirgendelaoliva.educacion.navarra.es\/web\/wp-content\/uploads\/2025\/12\/PHOTO-2025-12-09-12-07-23-1.jpg 1106w\" sizes=\"(max-width: 1024px) 100vw, 1024px\" \/><figcaption>AMAIA VISUS<\/figcaption><\/figure>\n\n\n\n<figure class=\"wp-block-image size-large\"><img loading=\"lazy\" width=\"876\" height=\"602\" data-id=\"2949\"  src=\"https:\/\/cpvirgendelaoliva.educacion.navarra.es\/web\/wp-content\/uploads\/2025\/12\/PHOTO-2025-12-09-12-07-37-1.jpg\" alt=\"\" class=\"wp-image-2949\" srcset=\"https:\/\/cpvirgendelaoliva.educacion.navarra.es\/web\/wp-content\/uploads\/2025\/12\/PHOTO-2025-12-09-12-07-37-1.jpg 876w, https:\/\/cpvirgendelaoliva.educacion.navarra.es\/web\/wp-content\/uploads\/2025\/12\/PHOTO-2025-12-09-12-07-37-1-300x206.jpg 300w, https:\/\/cpvirgendelaoliva.educacion.navarra.es\/web\/wp-content\/uploads\/2025\/12\/PHOTO-2025-12-09-12-07-37-1-768x528.jpg 768w\" sizes=\"(max-width: 876px) 100vw, 876px\" \/><figcaption>MARINA ESPARZA<\/figcaption><\/figure>\n\n\n\n<figure class=\"wp-block-image size-large\"><img loading=\"lazy\" width=\"1024\" height=\"704\" data-id=\"2943\"  src=\"https:\/\/cpvirgendelaoliva.educacion.navarra.es\/web\/wp-content\/uploads\/2025\/12\/PHOTO-2025-12-09-12-07-45-1-1024x704.jpg\" alt=\"\" class=\"wp-image-2943\" srcset=\"https:\/\/cpvirgendelaoliva.educacion.navarra.es\/web\/wp-content\/uploads\/2025\/12\/PHOTO-2025-12-09-12-07-45-1-1024x704.jpg 1024w, https:\/\/cpvirgendelaoliva.educacion.navarra.es\/web\/wp-content\/uploads\/2025\/12\/PHOTO-2025-12-09-12-07-45-1-300x206.jpg 300w, https:\/\/cpvirgendelaoliva.educacion.navarra.es\/web\/wp-content\/uploads\/2025\/12\/PHOTO-2025-12-09-12-07-45-1-768x528.jpg 768w, https:\/\/cpvirgendelaoliva.educacion.navarra.es\/web\/wp-content\/uploads\/2025\/12\/PHOTO-2025-12-09-12-07-45-1.jpg 1098w\" sizes=\"(max-width: 1024px) 100vw, 1024px\" \/><figcaption>SARA \u00c1LVAREZ<\/figcaption><\/figure>\n\n\n\n<figure class=\"wp-block-image size-large\"><img loading=\"lazy\" width=\"1024\" height=\"665\" data-id=\"2940\"  src=\"https:\/\/cpvirgendelaoliva.educacion.navarra.es\/web\/wp-content\/uploads\/2025\/12\/PHOTO-2025-12-09-12-07-57-1-1024x665.jpg\" alt=\"\" class=\"wp-image-2940\" srcset=\"https:\/\/cpvirgendelaoliva.educacion.navarra.es\/web\/wp-content\/uploads\/2025\/12\/PHOTO-2025-12-09-12-07-57-1-1024x665.jpg 1024w, https:\/\/cpvirgendelaoliva.educacion.navarra.es\/web\/wp-content\/uploads\/2025\/12\/PHOTO-2025-12-09-12-07-57-1-300x195.jpg 300w, https:\/\/cpvirgendelaoliva.educacion.navarra.es\/web\/wp-content\/uploads\/2025\/12\/PHOTO-2025-12-09-12-07-57-1-768x499.jpg 768w, https:\/\/cpvirgendelaoliva.educacion.navarra.es\/web\/wp-content\/uploads\/2025\/12\/PHOTO-2025-12-09-12-07-57-1.jpg 1120w\" sizes=\"(max-width: 1024px) 100vw, 1024px\" \/><figcaption>MARWA LAHMAR<\/figcaption><\/figure>\n\n\n\n<figure class=\"wp-block-image size-large\"><img loading=\"lazy\" width=\"838\" height=\"1024\" data-id=\"2941\"  src=\"https:\/\/cpvirgendelaoliva.educacion.navarra.es\/web\/wp-content\/uploads\/2025\/12\/PHOTO-2025-12-09-12-08-13-1-838x1024.jpg\" alt=\"\" class=\"wp-image-2941\" srcset=\"https:\/\/cpvirgendelaoliva.educacion.navarra.es\/web\/wp-content\/uploads\/2025\/12\/PHOTO-2025-12-09-12-08-13-1-838x1024.jpg 838w, https:\/\/cpvirgendelaoliva.educacion.navarra.es\/web\/wp-content\/uploads\/2025\/12\/PHOTO-2025-12-09-12-08-13-1-245x300.jpg 245w, https:\/\/cpvirgendelaoliva.educacion.navarra.es\/web\/wp-content\/uploads\/2025\/12\/PHOTO-2025-12-09-12-08-13-1-768x939.jpg 768w, https:\/\/cpvirgendelaoliva.educacion.navarra.es\/web\/wp-content\/uploads\/2025\/12\/PHOTO-2025-12-09-12-08-13-1.jpg 1090w\" sizes=\"(max-width: 838px) 100vw, 838px\" \/><figcaption>ANNE GARC\u00cdA<\/figcaption><\/figure>\n<\/figure>\n","protected":false},"excerpt":{"rendered":"<p>Un a\u00f1o m\u00e1s, la Apyma de nuestro Centro ha convocado el concurso de postales navide\u00f1as y de los carteles anunciadores del Olentzero y Reyes Magos 2025. El d\u00eda 9 de diciembre se realiz\u00f3 la elecci\u00f3n de los mejores trabajos. El jurado estuvo constituido por tres profesoras, dos miembros de Apyma y la representante del Ayuntamiento [&hellip;]<\/p>\n","protected":false},"author":1,"featured_media":2941,"comment_status":"closed","ping_status":"closed","sticky":false,"template":"","format":"standard","meta":{"_genesis_hide_title":false,"_genesis_hide_breadcrumbs":false,"_genesis_hide_singular_image":false,"_genesis_hide_footer_widgets":false,"_genesis_custom_body_class":"","_genesis_custom_post_class":"","_genesis_layout":""},"categories":[1],"tags":[],"_links":{"self":[{"href":"https:\/\/cpvirgendelaoliva.educacion.navarra.es\/web\/wp-json\/wp\/v2\/posts\/2924"}],"collection":[{"href":"https:\/\/cpvirgendelaoliva.educacion.navarra.es\/web\/wp-json\/wp\/v2\/posts"}],"about":[{"href":"https:\/\/cpvirgendelaoliva.educacion.navarra.es\/web\/wp-json\/wp\/v2\/types\/post"}],"author":[{"embeddable":true,"href":"https:\/\/cpvirgendelaoliva.educacion.navarra.es\/web\/wp-json\/wp\/v2\/users\/1"}],"replies":[{"embeddable":true,"href":"https:\/\/cpvirgendelaoliva.educacion.navarra.es\/web\/wp-json\/wp\/v2\/comments?post=2924"}],"version-history":[{"count":1,"href":"https:\/\/cpvirgendelaoliva.educacion.navarra.es\/web\/wp-json\/wp\/v2\/posts\/2924\/revisions"}],"predecessor-version":[{"id":2953,"href":"https:\/\/cpvirgendelaoliva.educacion.navarra.es\/web\/wp-json\/wp\/v2\/posts\/2924\/revisions\/2953"}],"wp:featuredmedia":[{"embeddable":true,"href":"https:\/\/cpvirgendelaoliva.educacion.navarra.es\/web\/wp-json\/wp\/v2\/media\/2941"}],"wp:attachment":[{"href":"https:\/\/cpvirgendelaoliva.educacion.navarra.es\/web\/wp-json\/wp\/v2\/media?parent=2924"}],"wp:term":[{"taxonomy":"category","embeddable":true,"href":"https:\/\/cpvirgendelaoliva.educacion.navarra.es\/web\/wp-json\/wp\/v2\/categories?post=2924"},{"taxonomy":"post_tag","embeddable":true,"href":"https:\/\/cpvirgendelaoliva.educacion.navarra.es\/web\/wp-json\/wp\/v2\/tags?post=2924"}],"curies":[{"name":"wp","href":"https:\/\/api.w.org\/{rel}","templated":true}]}}