{"id":2955,"date":"2025-12-29T09:45:50","date_gmt":"2025-12-29T08:45:50","guid":{"rendered":"https:\/\/cpvirgendelaoliva.educacion.navarra.es\/web\/?p=2955"},"modified":"2026-01-08T09:39:37","modified_gmt":"2026-01-08T08:39:37","slug":"gran-exito-del-festival-navideno","status":"publish","type":"post","link":"https:\/\/cpvirgendelaoliva.educacion.navarra.es\/web\/blog\/2025\/12\/29\/gran-exito-del-festival-navideno\/","title":{"rendered":"GRAN \u00c9XITO DEL FESTIVAL NAVIDE\u00d1O"},"content":{"rendered":"\n<p>El viernes, 19 de diciembre, fue un d\u00eda muy especial en el colegio: llega el esperado&nbsp;<strong>festival de Navidad<\/strong>, una cita que alumnado y profesorado lleva preparando durante todo el mes. Las aulas se llenan de m\u00fasica, bailes y villancicos para despedir el trimestre con alegr\u00eda y dar la bienvenida a las vacaciones m\u00e1s esperadas del a\u00f1o.<\/p>\n\n\n\n<p>El acto se volvi\u00f3 a celebrar en el polideportivo por falta de espacio en el sal\u00f3n de actos. Intentamos mejorar la decoraci\u00f3n y hacerlo m\u00e1s acogedor.<\/p>\n\n\n\n<p>Los ni\u00f1os y ni\u00f1as se convirtieron en protagonistas sobre el escenario, ofreciendo actuaciones y espect\u00e1culos que han ensayado con ilusi\u00f3n para sorprender a sus familias.<\/p>\n\n\n\n<p>Al finalizar el festival, (si quer\u00e9is visualizarlo pod\u00e9is pinchar<a href=\"https:\/\/www.youtube.com\/watch?v=78Gxp1HWmMY\">&nbsp;AQU\u00cd<\/a>) daba comienzo el <strong>Almuerzo Solidario<\/strong>, organizado por el Claustro del colegio en colaboraci\u00f3n con Apyma.<\/p>\n\n\n\n<p><strong><em>Los objetivos de dicho almuerzo fueron recaudar dinero para mantener la ni\u00f1a que Apyma tienen apadrinada y fomentar la buena relaci\u00f3n familia \u2013 escuela, fuera del \u00e1mbito educativo.<\/em><\/strong><\/p>\n\n\n\n<p>Durante el \u00e1gape, dimos la bienvenida a Olentzero que recogi\u00f3 las cartas del alumnado y estuvo con los m\u00e1s peque\u00f1os.<\/p>\n\n\n\n<p><strong><em>Tras la finalizaci\u00f3n del Festival de Navidad y el Almuerzo Solidario se realiz\u00f3 el recuento del dinero recaudado.<\/em><\/strong><\/p>\n\n\n\n<p><strong><em>*Para la ni\u00f1a apadrinada: 252\u20ac (que se entregan a Apyma).<\/em><\/strong><\/p>\n\n\n\n<p><a><\/a> <strong><em>*Para ANFAS: 1000 \u20ac (que se ingresan en la cuenta beneficiaria).<\/em><\/strong><\/p>\n\n\n\n<p><strong><em>Agradecer la colaboraci\u00f3n de las familias<\/em><\/strong>, porque el Almuerzo fue un \u00e9xito y la ma\u00f1ana transcurri\u00f3 con total normalidad.<\/p>\n\n\n\n<p>Fue una bonita jornada con la que despedimos el trimestre dese\u00e1ndoos Feliz Navidad y Feliz A\u00f1o Nuevo.<\/p>\n\n\n\n<figure class=\"wp-block-gallery has-nested-images columns-default is-cropped\">\n<figure class=\"wp-block-image size-large\"><img loading=\"lazy\" width=\"1024\" height=\"683\" data-id=\"2958\"  src=\"https:\/\/cpvirgendelaoliva.educacion.navarra.es\/web\/wp-content\/uploads\/2025\/12\/DSC_0019-1024x683.jpg\" alt=\"\" class=\"wp-image-2958\" srcset=\"https:\/\/cpvirgendelaoliva.educacion.navarra.es\/web\/wp-content\/uploads\/2025\/12\/DSC_0019-1024x683.jpg 1024w, https:\/\/cpvirgendelaoliva.educacion.navarra.es\/web\/wp-content\/uploads\/2025\/12\/DSC_0019-300x200.jpg 300w, https:\/\/cpvirgendelaoliva.educacion.navarra.es\/web\/wp-content\/uploads\/2025\/12\/DSC_0019-768x512.jpg 768w, https:\/\/cpvirgendelaoliva.educacion.navarra.es\/web\/wp-content\/uploads\/2025\/12\/DSC_0019.jpg 1200w\" sizes=\"(max-width: 1024px) 100vw, 1024px\" \/><\/figure>\n\n\n\n<figure class=\"wp-block-image size-large\"><img loading=\"lazy\" width=\"1024\" height=\"683\" data-id=\"2956\"  src=\"https:\/\/cpvirgendelaoliva.educacion.navarra.es\/web\/wp-content\/uploads\/2025\/12\/DSC_0009-1024x683.jpg\" alt=\"\" class=\"wp-image-2956\" srcset=\"https:\/\/cpvirgendelaoliva.educacion.navarra.es\/web\/wp-content\/uploads\/2025\/12\/DSC_0009-1024x683.jpg 1024w, https:\/\/cpvirgendelaoliva.educacion.navarra.es\/web\/wp-content\/uploads\/2025\/12\/DSC_0009-300x200.jpg 300w, https:\/\/cpvirgendelaoliva.educacion.navarra.es\/web\/wp-content\/uploads\/2025\/12\/DSC_0009-768x512.jpg 768w, https:\/\/cpvirgendelaoliva.educacion.navarra.es\/web\/wp-content\/uploads\/2025\/12\/DSC_0009.jpg 1197w\" sizes=\"(max-width: 1024px) 100vw, 1024px\" \/><\/figure>\n\n\n\n<figure class=\"wp-block-image size-large\"><img loading=\"lazy\" width=\"1024\" height=\"683\" data-id=\"2961\"  src=\"https:\/\/cpvirgendelaoliva.educacion.navarra.es\/web\/wp-content\/uploads\/2025\/12\/DSC_0033-1024x683.jpg\" alt=\"\" class=\"wp-image-2961\" srcset=\"https:\/\/cpvirgendelaoliva.educacion.navarra.es\/web\/wp-content\/uploads\/2025\/12\/DSC_0033-1024x683.jpg 1024w, https:\/\/cpvirgendelaoliva.educacion.navarra.es\/web\/wp-content\/uploads\/2025\/12\/DSC_0033-300x200.jpg 300w, https:\/\/cpvirgendelaoliva.educacion.navarra.es\/web\/wp-content\/uploads\/2025\/12\/DSC_0033-768x512.jpg 768w, https:\/\/cpvirgendelaoliva.educacion.navarra.es\/web\/wp-content\/uploads\/2025\/12\/DSC_0033.jpg 1200w\" sizes=\"(max-width: 1024px) 100vw, 1024px\" \/><\/figure>\n\n\n\n<figure class=\"wp-block-image size-large\"><img loading=\"lazy\" width=\"1024\" height=\"683\" data-id=\"2970\"  src=\"https:\/\/cpvirgendelaoliva.educacion.navarra.es\/web\/wp-content\/uploads\/2026\/01\/DSC_0057-1024x683.jpg\" alt=\"\" class=\"wp-image-2970\" srcset=\"https:\/\/cpvirgendelaoliva.educacion.navarra.es\/web\/wp-content\/uploads\/2026\/01\/DSC_0057-1024x683.jpg 1024w, https:\/\/cpvirgendelaoliva.educacion.navarra.es\/web\/wp-content\/uploads\/2026\/01\/DSC_0057-300x200.jpg 300w, https:\/\/cpvirgendelaoliva.educacion.navarra.es\/web\/wp-content\/uploads\/2026\/01\/DSC_0057-768x512.jpg 768w, https:\/\/cpvirgendelaoliva.educacion.navarra.es\/web\/wp-content\/uploads\/2026\/01\/DSC_0057.jpg 1200w\" sizes=\"(max-width: 1024px) 100vw, 1024px\" \/><\/figure>\n\n\n\n<figure class=\"wp-block-image size-large\"><img loading=\"lazy\" width=\"1024\" height=\"683\" data-id=\"2959\"  src=\"https:\/\/cpvirgendelaoliva.educacion.navarra.es\/web\/wp-content\/uploads\/2025\/12\/DSC_0063-1024x683.jpg\" alt=\"\" class=\"wp-image-2959\" srcset=\"https:\/\/cpvirgendelaoliva.educacion.navarra.es\/web\/wp-content\/uploads\/2025\/12\/DSC_0063-1024x683.jpg 1024w, https:\/\/cpvirgendelaoliva.educacion.navarra.es\/web\/wp-content\/uploads\/2025\/12\/DSC_0063-300x200.jpg 300w, https:\/\/cpvirgendelaoliva.educacion.navarra.es\/web\/wp-content\/uploads\/2025\/12\/DSC_0063-768x512.jpg 768w, https:\/\/cpvirgendelaoliva.educacion.navarra.es\/web\/wp-content\/uploads\/2025\/12\/DSC_0063.jpg 1200w\" sizes=\"(max-width: 1024px) 100vw, 1024px\" \/><\/figure>\n\n\n\n<figure class=\"wp-block-image size-large\"><img loading=\"lazy\" width=\"1024\" height=\"683\" data-id=\"2960\"  src=\"https:\/\/cpvirgendelaoliva.educacion.navarra.es\/web\/wp-content\/uploads\/2025\/12\/DSC_0081-1024x683.jpg\" alt=\"\" class=\"wp-image-2960\" srcset=\"https:\/\/cpvirgendelaoliva.educacion.navarra.es\/web\/wp-content\/uploads\/2025\/12\/DSC_0081-1024x683.jpg 1024w, https:\/\/cpvirgendelaoliva.educacion.navarra.es\/web\/wp-content\/uploads\/2025\/12\/DSC_0081-300x200.jpg 300w, https:\/\/cpvirgendelaoliva.educacion.navarra.es\/web\/wp-content\/uploads\/2025\/12\/DSC_0081-768x512.jpg 768w, https:\/\/cpvirgendelaoliva.educacion.navarra.es\/web\/wp-content\/uploads\/2025\/12\/DSC_0081.jpg 1200w\" sizes=\"(max-width: 1024px) 100vw, 1024px\" \/><\/figure>\n\n\n\n<figure class=\"wp-block-image size-large\"><img loading=\"lazy\" width=\"1024\" height=\"683\" data-id=\"2962\"  src=\"https:\/\/cpvirgendelaoliva.educacion.navarra.es\/web\/wp-content\/uploads\/2025\/12\/DSC_0111-1024x683.jpg\" alt=\"\" class=\"wp-image-2962\" srcset=\"https:\/\/cpvirgendelaoliva.educacion.navarra.es\/web\/wp-content\/uploads\/2025\/12\/DSC_0111-1024x683.jpg 1024w, https:\/\/cpvirgendelaoliva.educacion.navarra.es\/web\/wp-content\/uploads\/2025\/12\/DSC_0111-300x200.jpg 300w, https:\/\/cpvirgendelaoliva.educacion.navarra.es\/web\/wp-content\/uploads\/2025\/12\/DSC_0111-768x512.jpg 768w, https:\/\/cpvirgendelaoliva.educacion.navarra.es\/web\/wp-content\/uploads\/2025\/12\/DSC_0111.jpg 1200w\" sizes=\"(max-width: 1024px) 100vw, 1024px\" \/><\/figure>\n\n\n\n<figure class=\"wp-block-image size-large\"><img loading=\"lazy\" width=\"1024\" height=\"683\" data-id=\"2963\"  src=\"https:\/\/cpvirgendelaoliva.educacion.navarra.es\/web\/wp-content\/uploads\/2025\/12\/DSC_0126-1024x683.jpg\" alt=\"\" class=\"wp-image-2963\" srcset=\"https:\/\/cpvirgendelaoliva.educacion.navarra.es\/web\/wp-content\/uploads\/2025\/12\/DSC_0126-1024x683.jpg 1024w, https:\/\/cpvirgendelaoliva.educacion.navarra.es\/web\/wp-content\/uploads\/2025\/12\/DSC_0126-300x200.jpg 300w, https:\/\/cpvirgendelaoliva.educacion.navarra.es\/web\/wp-content\/uploads\/2025\/12\/DSC_0126-768x512.jpg 768w, https:\/\/cpvirgendelaoliva.educacion.navarra.es\/web\/wp-content\/uploads\/2025\/12\/DSC_0126.jpg 1200w\" sizes=\"(max-width: 1024px) 100vw, 1024px\" \/><\/figure>\n\n\n\n<figure class=\"wp-block-image size-large\"><img loading=\"lazy\" width=\"1024\" height=\"683\" data-id=\"2964\"  src=\"https:\/\/cpvirgendelaoliva.educacion.navarra.es\/web\/wp-content\/uploads\/2025\/12\/DSC_0134-1024x683.jpg\" alt=\"\" class=\"wp-image-2964\" srcset=\"https:\/\/cpvirgendelaoliva.educacion.navarra.es\/web\/wp-content\/uploads\/2025\/12\/DSC_0134-1024x683.jpg 1024w, https:\/\/cpvirgendelaoliva.educacion.navarra.es\/web\/wp-content\/uploads\/2025\/12\/DSC_0134-300x200.jpg 300w, https:\/\/cpvirgendelaoliva.educacion.navarra.es\/web\/wp-content\/uploads\/2025\/12\/DSC_0134-768x512.jpg 768w, https:\/\/cpvirgendelaoliva.educacion.navarra.es\/web\/wp-content\/uploads\/2025\/12\/DSC_0134.jpg 1200w\" sizes=\"(max-width: 1024px) 100vw, 1024px\" \/><\/figure>\n\n\n\n<figure class=\"wp-block-image size-large\"><img loading=\"lazy\" width=\"1024\" height=\"683\" data-id=\"2965\"  src=\"https:\/\/cpvirgendelaoliva.educacion.navarra.es\/web\/wp-content\/uploads\/2025\/12\/DSC_0163-1024x683.jpg\" alt=\"\" class=\"wp-image-2965\" srcset=\"https:\/\/cpvirgendelaoliva.educacion.navarra.es\/web\/wp-content\/uploads\/2025\/12\/DSC_0163-1024x683.jpg 1024w, https:\/\/cpvirgendelaoliva.educacion.navarra.es\/web\/wp-content\/uploads\/2025\/12\/DSC_0163-300x200.jpg 300w, https:\/\/cpvirgendelaoliva.educacion.navarra.es\/web\/wp-content\/uploads\/2025\/12\/DSC_0163-768x512.jpg 768w, https:\/\/cpvirgendelaoliva.educacion.navarra.es\/web\/wp-content\/uploads\/2025\/12\/DSC_0163.jpg 1200w\" sizes=\"(max-width: 1024px) 100vw, 1024px\" \/><\/figure>\n\n\n\n<figure class=\"wp-block-image size-large\"><img loading=\"lazy\" width=\"683\" height=\"1024\" data-id=\"2967\"  src=\"https:\/\/cpvirgendelaoliva.educacion.navarra.es\/web\/wp-content\/uploads\/2025\/12\/DSC_0249-683x1024.jpg\" alt=\"\" class=\"wp-image-2967\" srcset=\"https:\/\/cpvirgendelaoliva.educacion.navarra.es\/web\/wp-content\/uploads\/2025\/12\/DSC_0249-683x1024.jpg 683w, https:\/\/cpvirgendelaoliva.educacion.navarra.es\/web\/wp-content\/uploads\/2025\/12\/DSC_0249-200x300.jpg 200w, https:\/\/cpvirgendelaoliva.educacion.navarra.es\/web\/wp-content\/uploads\/2025\/12\/DSC_0249-768x1152.jpg 768w, https:\/\/cpvirgendelaoliva.educacion.navarra.es\/web\/wp-content\/uploads\/2025\/12\/DSC_0249.jpg 800w\" sizes=\"(max-width: 683px) 100vw, 683px\" \/><\/figure>\n<\/figure>\n\n\n\n<p><\/p>\n","protected":false},"excerpt":{"rendered":"<p>El viernes, 19 de diciembre, fue un d\u00eda muy especial en el colegio: llega el esperado&nbsp;festival de Navidad, una cita que alumnado y profesorado lleva preparando durante todo el mes. Las aulas se llenan de m\u00fasica, bailes y villancicos para despedir el trimestre con alegr\u00eda y dar la bienvenida a las vacaciones m\u00e1s esperadas del [&hellip;]<\/p>\n","protected":false},"author":1,"featured_media":2966,"comment_status":"closed","ping_status":"closed","sticky":false,"template":"","format":"standard","meta":{"_genesis_hide_title":false,"_genesis_hide_breadcrumbs":false,"_genesis_hide_singular_image":false,"_genesis_hide_footer_widgets":false,"_genesis_custom_body_class":"","_genesis_custom_post_class":"","_genesis_layout":""},"categories":[1],"tags":[],"_links":{"self":[{"href":"https:\/\/cpvirgendelaoliva.educacion.navarra.es\/web\/wp-json\/wp\/v2\/posts\/2955"}],"collection":[{"href":"https:\/\/cpvirgendelaoliva.educacion.navarra.es\/web\/wp-json\/wp\/v2\/posts"}],"about":[{"href":"https:\/\/cpvirgendelaoliva.educacion.navarra.es\/web\/wp-json\/wp\/v2\/types\/post"}],"author":[{"embeddable":true,"href":"https:\/\/cpvirgendelaoliva.educacion.navarra.es\/web\/wp-json\/wp\/v2\/users\/1"}],"replies":[{"embeddable":true,"href":"https:\/\/cpvirgendelaoliva.educacion.navarra.es\/web\/wp-json\/wp\/v2\/comments?post=2955"}],"version-history":[{"count":2,"href":"https:\/\/cpvirgendelaoliva.educacion.navarra.es\/web\/wp-json\/wp\/v2\/posts\/2955\/revisions"}],"predecessor-version":[{"id":2972,"href":"https:\/\/cpvirgendelaoliva.educacion.navarra.es\/web\/wp-json\/wp\/v2\/posts\/2955\/revisions\/2972"}],"wp:featuredmedia":[{"embeddable":true,"href":"https:\/\/cpvirgendelaoliva.educacion.navarra.es\/web\/wp-json\/wp\/v2\/media\/2966"}],"wp:attachment":[{"href":"https:\/\/cpvirgendelaoliva.educacion.navarra.es\/web\/wp-json\/wp\/v2\/media?parent=2955"}],"wp:term":[{"taxonomy":"category","embeddable":true,"href":"https:\/\/cpvirgendelaoliva.educacion.navarra.es\/web\/wp-json\/wp\/v2\/categories?post=2955"},{"taxonomy":"post_tag","embeddable":true,"href":"https:\/\/cpvirgendelaoliva.educacion.navarra.es\/web\/wp-json\/wp\/v2\/tags?post=2955"}],"curies":[{"name":"wp","href":"https:\/\/api.w.org\/{rel}","templated":true}]}}