{"id":2974,"date":"2026-02-03T12:04:34","date_gmt":"2026-02-03T11:04:34","guid":{"rendered":"https:\/\/cpvirgendelaoliva.educacion.navarra.es\/web\/?p=2974"},"modified":"2026-02-03T12:08:33","modified_gmt":"2026-02-03T11:08:33","slug":"el-dia-escolar-de-la-no-violencia-y-de-la-paz","status":"publish","type":"post","link":"https:\/\/cpvirgendelaoliva.educacion.navarra.es\/web\/blog\/2026\/02\/03\/el-dia-escolar-de-la-no-violencia-y-de-la-paz\/","title":{"rendered":"El D\u00eda Escolar de la No-violencia y de la Paz"},"content":{"rendered":"\n<p><\/p>\n\n\n\n<p>El D\u00eda Escolar de la No-violencia y de la Paz&nbsp; fue declarado por primera vez en 1964. Surge de una iniciativa pionera, no gubernamental, independiente y voluntaria de Educaci\u00f3n No-violenta y Pacificadora del profesor espa\u00f1ol Lloren\u00e7 Vidal. Su objetivo es la educaci\u00f3n en y para la tolerancia, la solidaridad, la concordia, el respeto a los Derechos Humanos, la no-violencia, la igualdad y la paz.<\/p>\n\n\n\n<p>&nbsp;En este d\u00eda, los colegios y centros se convierten en instrumentos de paz y entendimiento entre personas de distinta formaci\u00f3n, raza, cultura y religi\u00f3n.<\/p>\n\n\n\n<p>El d\u00eda 30 de Enero se conmemora adem\u00e1s la muerte del l\u00edder nacional y espiritual de la India, el Mahatma Gandhi, el 30 de Enero de 1948.&nbsp;<\/p>\n\n\n\n<p>&nbsp;Gandhi se convirti\u00f3 en un luchador por los derechos civiles de sus compatriotas y abraz\u00f3 la no violencia para lograr sus objetivos. Su vida ha pasado a la historia como un ejemplo e inspiraci\u00f3n para miles de personas.<\/p>\n\n\n\n<p>&nbsp;&nbsp;&nbsp;No podemos olvidar que la escuela es reflejo de una sociedad y que en ella se educa para&nbsp; formar personas&nbsp; no violentas,&nbsp; respetuosas, dialogantes, solidarias, positivas,&nbsp; que busquen la convivencia y la&nbsp; paz entre otros valores.<\/p>\n\n\n\n<p>&nbsp;Que el alumnado&nbsp; tenga &nbsp; recursos para solucionar los conflictos que puedan aparecer en el d\u00eda a d\u00eda de forma no violenta, siempre buscando el di\u00e1logo y&nbsp; ponerse en lugar de la otra persona.&nbsp; Poniendo en pr\u00e1ctica todos los valores positivos que trabajamos constantemente en nuestro colegio. La paz empieza por nuestra actitud en el cole, en&nbsp; nuestras casas , en nuestro pueblo\u2026\u2026en el mundo.<\/p>\n\n\n\n<p>Despu\u00e9s de la lectura del manifiesto por parte del alumnado de 6\u00ba, las diferentes clases del colegio leyeron&nbsp; mensajes que nos ayudan a solucionar los conflictos pac\u00edficamente .<\/p>\n\n\n\n<p>Finalizamos&nbsp; cantando la canci\u00f3n \u201cPOR QU\u00c9 NO SER AMIGOS Y AMIGAS\u201d de Hombres G y el Canto del loco.<\/p>\n\n\n\n<p>Gracias a todas las familias por acompa\u00f1arnos en dicho acto. Si quer\u00e9is visualizar la concentraci\u00f3n pinchad <a href=\"https:\/\/www.facebook.com\/share\/v\/1BtmXHk39V\/?mibextid=wwXIfr\" data-type=\"URL\" data-id=\"https:\/\/www.facebook.com\/share\/v\/1BtmXHk39V\/?mibextid=wwXIfr\">AQU\u00cd<\/a><\/p>\n\n\n\n<figure class=\"wp-block-image size-large\"><img loading=\"lazy\" width=\"1024\" height=\"768\" src=\"https:\/\/cpvirgendelaoliva.educacion.navarra.es\/web\/wp-content\/uploads\/2026\/02\/web-1024x768.jpeg\" alt=\"\" class=\"wp-image-2975\" srcset=\"https:\/\/cpvirgendelaoliva.educacion.navarra.es\/web\/wp-content\/uploads\/2026\/02\/web-1024x768.jpeg 1024w, https:\/\/cpvirgendelaoliva.educacion.navarra.es\/web\/wp-content\/uploads\/2026\/02\/web-300x225.jpeg 300w, https:\/\/cpvirgendelaoliva.educacion.navarra.es\/web\/wp-content\/uploads\/2026\/02\/web-768x576.jpeg 768w, https:\/\/cpvirgendelaoliva.educacion.navarra.es\/web\/wp-content\/uploads\/2026\/02\/web.jpeg 1067w\" sizes=\"(max-width: 1024px) 100vw, 1024px\" \/><\/figure>\n","protected":false},"excerpt":{"rendered":"<p>El D\u00eda Escolar de la No-violencia y de la Paz&nbsp; fue declarado por primera vez en 1964. Surge de una iniciativa pionera, no gubernamental, independiente y voluntaria de Educaci\u00f3n No-violenta y Pacificadora del profesor espa\u00f1ol Lloren\u00e7 Vidal. Su objetivo es la educaci\u00f3n en y para la tolerancia, la solidaridad, la concordia, el respeto a los [&hellip;]<\/p>\n","protected":false},"author":1,"featured_media":2975,"comment_status":"closed","ping_status":"closed","sticky":false,"template":"","format":"standard","meta":{"_genesis_hide_title":false,"_genesis_hide_breadcrumbs":false,"_genesis_hide_singular_image":false,"_genesis_hide_footer_widgets":false,"_genesis_custom_body_class":"","_genesis_custom_post_class":"","_genesis_layout":""},"categories":[1],"tags":[],"_links":{"self":[{"href":"https:\/\/cpvirgendelaoliva.educacion.navarra.es\/web\/wp-json\/wp\/v2\/posts\/2974"}],"collection":[{"href":"https:\/\/cpvirgendelaoliva.educacion.navarra.es\/web\/wp-json\/wp\/v2\/posts"}],"about":[{"href":"https:\/\/cpvirgendelaoliva.educacion.navarra.es\/web\/wp-json\/wp\/v2\/types\/post"}],"author":[{"embeddable":true,"href":"https:\/\/cpvirgendelaoliva.educacion.navarra.es\/web\/wp-json\/wp\/v2\/users\/1"}],"replies":[{"embeddable":true,"href":"https:\/\/cpvirgendelaoliva.educacion.navarra.es\/web\/wp-json\/wp\/v2\/comments?post=2974"}],"version-history":[{"count":1,"href":"https:\/\/cpvirgendelaoliva.educacion.navarra.es\/web\/wp-json\/wp\/v2\/posts\/2974\/revisions"}],"predecessor-version":[{"id":2976,"href":"https:\/\/cpvirgendelaoliva.educacion.navarra.es\/web\/wp-json\/wp\/v2\/posts\/2974\/revisions\/2976"}],"wp:featuredmedia":[{"embeddable":true,"href":"https:\/\/cpvirgendelaoliva.educacion.navarra.es\/web\/wp-json\/wp\/v2\/media\/2975"}],"wp:attachment":[{"href":"https:\/\/cpvirgendelaoliva.educacion.navarra.es\/web\/wp-json\/wp\/v2\/media?parent=2974"}],"wp:term":[{"taxonomy":"category","embeddable":true,"href":"https:\/\/cpvirgendelaoliva.educacion.navarra.es\/web\/wp-json\/wp\/v2\/categories?post=2974"},{"taxonomy":"post_tag","embeddable":true,"href":"https:\/\/cpvirgendelaoliva.educacion.navarra.es\/web\/wp-json\/wp\/v2\/tags?post=2974"}],"curies":[{"name":"wp","href":"https:\/\/api.w.org\/{rel}","templated":true}]}}