{"id":2993,"date":"2026-03-23T12:49:45","date_gmt":"2026-03-23T11:49:45","guid":{"rendered":"https:\/\/cpvirgendelaoliva.educacion.navarra.es\/web\/?p=2993"},"modified":"2026-03-23T12:49:46","modified_gmt":"2026-03-23T11:49:46","slug":"8m","status":"publish","type":"post","link":"https:\/\/cpvirgendelaoliva.educacion.navarra.es\/web\/blog\/2026\/03\/23\/8m\/","title":{"rendered":"8M"},"content":{"rendered":"\n<p><strong>El colegio Virgen de la Oliva de Carcastillo celebra el 8M con actividades por la igualdad<\/strong><\/p>\n\n\n\n<p>El alumnado del colegio <strong>Virgen de la Oliva de Carcastillo<\/strong> conmemor\u00f3 el <strong>8 de marzo, D\u00eda Internacional de la Mujer<\/strong>, con una jornada educativa centrada en la igualdad y el reconocimiento del papel de las mujeres en la sociedad.<\/p>\n\n\n\n<p>Una de las iniciativas m\u00e1s destacadas fue la creaci\u00f3n de un <strong>mural colaborativo<\/strong> en el patio del colegio. En \u00e9l se dibujaron varias mariposas que fueron pintadas por el alumnado del centro. Cada estudiante tuvo la oportunidad de decorar una mariposa, simbolizando la diversidad, la libertad y el compromiso con la igualdad.<\/p>\n\n\n\n<p>Adem\u00e1s del mural, se llevaron a cabo diferentes actividades adaptadas a cada nivel. En Educaci\u00f3n<strong> Infantil<\/strong>, las actividades se centraron en la lectura y trabajo de un cuento relacionado con la igualdad y el respeto, adaptado a la edad del alumnado. En <strong>Educaci\u00f3n Primaria<\/strong>, el alumnado de <strong>1.\u00ba de Primaria<\/strong> realiz\u00f3 la actividad titulada <em>\u201c\u00bfQui\u00e9n es la mujer m\u00e1s importante para ti?\u201d<\/em>, reflexionando sobre figuras femeninas significativas en su vida. Por su parte, los cursos de <strong>2.\u00ba y 3.\u00ba de Primaria<\/strong> trabajaron un v\u00eddeo educativo sobre la presencia de las mujeres en la ciencia y la tecnolog\u00eda.<\/p>\n\n\n\n<p>En los cursos superiores, <strong>4.\u00ba, 5.\u00ba y 6.\u00ba de Primaria<\/strong>, el alumnado particip\u00f3 en un <strong>Escape Room tem\u00e1tico sobre el 8M<\/strong>, una actividad din\u00e1mica que permiti\u00f3 aprender sobre igualdad de g\u00e9nero de una forma l\u00fadica y cooperativa.<\/p>\n\n\n\n<p>Con esta jornada, el colegio reafirma su compromiso con la educaci\u00f3n en valores y la promoci\u00f3n de la igualdad entre mujeres y hombres, implicando a todo el alumnado en una celebraci\u00f3n participativa y reflexiva del 8 de marzo.<\/p>\n\n\n\n<figure class=\"wp-block-image size-large\"><img loading=\"lazy\" width=\"1024\" height=\"768\" src=\"https:\/\/cpvirgendelaoliva.educacion.navarra.es\/web\/wp-content\/uploads\/2026\/03\/MURAL-1024x768.jpeg\" alt=\"\" class=\"wp-image-2994\" srcset=\"https:\/\/cpvirgendelaoliva.educacion.navarra.es\/web\/wp-content\/uploads\/2026\/03\/MURAL-1024x768.jpeg 1024w, https:\/\/cpvirgendelaoliva.educacion.navarra.es\/web\/wp-content\/uploads\/2026\/03\/MURAL-300x225.jpeg 300w, https:\/\/cpvirgendelaoliva.educacion.navarra.es\/web\/wp-content\/uploads\/2026\/03\/MURAL-768x576.jpeg 768w, https:\/\/cpvirgendelaoliva.educacion.navarra.es\/web\/wp-content\/uploads\/2026\/03\/MURAL.jpeg 1067w\" sizes=\"(max-width: 1024px) 100vw, 1024px\" \/><\/figure>\n","protected":false},"excerpt":{"rendered":"<p>El colegio Virgen de la Oliva de Carcastillo celebra el 8M con actividades por la igualdad El alumnado del colegio Virgen de la Oliva de Carcastillo conmemor\u00f3 el 8 de marzo, D\u00eda Internacional de la Mujer, con una jornada educativa centrada en la igualdad y el reconocimiento del papel de las mujeres en la sociedad. [&hellip;]<\/p>\n","protected":false},"author":1,"featured_media":0,"comment_status":"closed","ping_status":"closed","sticky":false,"template":"","format":"standard","meta":{"_genesis_hide_title":false,"_genesis_hide_breadcrumbs":false,"_genesis_hide_singular_image":false,"_genesis_hide_footer_widgets":false,"_genesis_custom_body_class":"","_genesis_custom_post_class":"","_genesis_layout":""},"categories":[1],"tags":[],"_links":{"self":[{"href":"https:\/\/cpvirgendelaoliva.educacion.navarra.es\/web\/wp-json\/wp\/v2\/posts\/2993"}],"collection":[{"href":"https:\/\/cpvirgendelaoliva.educacion.navarra.es\/web\/wp-json\/wp\/v2\/posts"}],"about":[{"href":"https:\/\/cpvirgendelaoliva.educacion.navarra.es\/web\/wp-json\/wp\/v2\/types\/post"}],"author":[{"embeddable":true,"href":"https:\/\/cpvirgendelaoliva.educacion.navarra.es\/web\/wp-json\/wp\/v2\/users\/1"}],"replies":[{"embeddable":true,"href":"https:\/\/cpvirgendelaoliva.educacion.navarra.es\/web\/wp-json\/wp\/v2\/comments?post=2993"}],"version-history":[{"count":1,"href":"https:\/\/cpvirgendelaoliva.educacion.navarra.es\/web\/wp-json\/wp\/v2\/posts\/2993\/revisions"}],"predecessor-version":[{"id":2995,"href":"https:\/\/cpvirgendelaoliva.educacion.navarra.es\/web\/wp-json\/wp\/v2\/posts\/2993\/revisions\/2995"}],"wp:attachment":[{"href":"https:\/\/cpvirgendelaoliva.educacion.navarra.es\/web\/wp-json\/wp\/v2\/media?parent=2993"}],"wp:term":[{"taxonomy":"category","embeddable":true,"href":"https:\/\/cpvirgendelaoliva.educacion.navarra.es\/web\/wp-json\/wp\/v2\/categories?post=2993"},{"taxonomy":"post_tag","embeddable":true,"href":"https:\/\/cpvirgendelaoliva.educacion.navarra.es\/web\/wp-json\/wp\/v2\/tags?post=2993"}],"curies":[{"name":"wp","href":"https:\/\/api.w.org\/{rel}","templated":true}]}}