{"id":817,"date":"2018-01-17T21:11:06","date_gmt":"2018-01-17T20:11:06","guid":{"rendered":"http:\/\/cpvirgendelaoliva.educacion.navarra.es\/web\/?p=817"},"modified":"2018-01-20T00:52:07","modified_gmt":"2018-01-19T23:52:07","slug":"preinscripciones-curso-2018-2019","status":"publish","type":"post","link":"https:\/\/cpvirgendelaoliva.educacion.navarra.es\/web\/blog\/2018\/01\/17\/preinscripciones-curso-2018-2019\/","title":{"rendered":"PREINSCRIPCIONES CURSO 2018-2019"},"content":{"rendered":"<p>Del<strong><span style=\"color: #008000;\"> 1 al 7 de febrero de 2018<\/span><\/strong>.<\/p>\n<p>Informaci\u00f3n y solicitud en la <strong><span style=\"color: #008000;\">Secretar\u00eda del Colegio<\/span><\/strong> de lunes a viernes de <strong><span style=\"color: #008000;\">9 a 11<\/span><\/strong> o en el tel\u00e9fono <strong><span style=\"color: #008000;\">948725807<\/span><\/strong>.<\/p>\n<p>Tambi\u00e9n podr\u00e1n descargar los impresos en la<strong><span style=\"color: #008000;\"> p\u00e1gina web<\/span><\/strong> (bloque Curso Escolar\/Secretar\u00eda).<\/p>\n<p><img loading=\"lazy\" class=\"aligncenter size-full wp-image-823\" src=\"https:\/\/cpvirgendelaoliva.educacion.navarra.es\/web\/wp-content\/uploads\/2018\/01\/cartel.jpg\" alt=\"\" width=\"766\" height=\"485\" srcset=\"https:\/\/cpvirgendelaoliva.educacion.navarra.es\/web\/wp-content\/uploads\/2018\/01\/cartel.jpg 766w, https:\/\/cpvirgendelaoliva.educacion.navarra.es\/web\/wp-content\/uploads\/2018\/01\/cartel-300x190.jpg 300w\" sizes=\"(max-width: 766px) 100vw, 766px\" \/><\/p>\n","protected":false},"excerpt":{"rendered":"<p>Del 1 al 7 de febrero de 2018. Informaci\u00f3n y solicitud en la Secretar\u00eda del Colegio de lunes a viernes de 9 a 11 o en el tel\u00e9fono 948725807. Tambi\u00e9n podr\u00e1n descargar los impresos en la p\u00e1gina web (bloque Curso Escolar\/Secretar\u00eda).<\/p>\n","protected":false},"author":1,"featured_media":823,"comment_status":"closed","ping_status":"closed","sticky":false,"template":"","format":"standard","meta":{"_genesis_hide_title":false,"_genesis_hide_breadcrumbs":false,"_genesis_hide_singular_image":false,"_genesis_hide_footer_widgets":false,"_genesis_custom_body_class":"","_genesis_custom_post_class":"","_genesis_layout":""},"categories":[1],"tags":[],"_links":{"self":[{"href":"https:\/\/cpvirgendelaoliva.educacion.navarra.es\/web\/wp-json\/wp\/v2\/posts\/817"}],"collection":[{"href":"https:\/\/cpvirgendelaoliva.educacion.navarra.es\/web\/wp-json\/wp\/v2\/posts"}],"about":[{"href":"https:\/\/cpvirgendelaoliva.educacion.navarra.es\/web\/wp-json\/wp\/v2\/types\/post"}],"author":[{"embeddable":true,"href":"https:\/\/cpvirgendelaoliva.educacion.navarra.es\/web\/wp-json\/wp\/v2\/users\/1"}],"replies":[{"embeddable":true,"href":"https:\/\/cpvirgendelaoliva.educacion.navarra.es\/web\/wp-json\/wp\/v2\/comments?post=817"}],"version-history":[{"count":3,"href":"https:\/\/cpvirgendelaoliva.educacion.navarra.es\/web\/wp-json\/wp\/v2\/posts\/817\/revisions"}],"predecessor-version":[{"id":824,"href":"https:\/\/cpvirgendelaoliva.educacion.navarra.es\/web\/wp-json\/wp\/v2\/posts\/817\/revisions\/824"}],"wp:featuredmedia":[{"embeddable":true,"href":"https:\/\/cpvirgendelaoliva.educacion.navarra.es\/web\/wp-json\/wp\/v2\/media\/823"}],"wp:attachment":[{"href":"https:\/\/cpvirgendelaoliva.educacion.navarra.es\/web\/wp-json\/wp\/v2\/media?parent=817"}],"wp:term":[{"taxonomy":"category","embeddable":true,"href":"https:\/\/cpvirgendelaoliva.educacion.navarra.es\/web\/wp-json\/wp\/v2\/categories?post=817"},{"taxonomy":"post_tag","embeddable":true,"href":"https:\/\/cpvirgendelaoliva.educacion.navarra.es\/web\/wp-json\/wp\/v2\/tags?post=817"}],"curies":[{"name":"wp","href":"https:\/\/api.w.org\/{rel}","templated":true}]}}